{"id":701,"date":"2019-03-18T10:33:08","date_gmt":"2019-03-18T15:33:08","guid":{"rendered":"http:\/\/refad.cdeacf.ca\/?p=701"},"modified":"2019-03-29T08:50:05","modified_gmt":"2019-03-29T13:50:05","slug":"preambule","status":"publish","type":"post","link":"https:\/\/refad.cdeacf.ca\/?p=701","title":{"rendered":"\u00c9tude sur les strat\u00e9gies pour accro\u00eetre l\u2019interactivit\u00e9 des cours en ligne \u2013 design et mise en oeuvre"},"content":{"rendered":"\n<div style=\"height:20px\" aria-hidden=\"true\" class=\"wp-block-spacer\"><\/div>\n\n\n\n<p><strong>Document pr\u00e9par\u00e9 pour le R\u00e9seau d\u2019enseignement francophone \u00e0 distance du Canada\u00a0(REFAD &#8211; <a href=\"http:\/\/www.refad.ca\" target=\"_blank\" rel=\"noreferrer noopener\" aria-label=\" (opens in a new tab)\">www.refad.ca<\/a>)<\/strong><\/p>\n\n\n\n<p><strong>par Lise Chovino et Fran\u00e7ois Dallaire<\/strong><br><strong>du Centre de documentation sur l&rsquo;\u00e9ducation des adultes et la condition f\u00e9minine\u00a0(CD\u00c9ACF &#8211; <a rel=\"noreferrer noopener\" aria-label=\" (opens in a new tab)\" href=\"http:\/\/www.cdeacf.ca\/\" target=\"_blank\">www.cdeacf.ca<\/a>).<\/strong><\/p>\n\n\n\n<div style=\"height:20px\" aria-hidden=\"true\" class=\"wp-block-spacer\"><\/div>\n\n\n\n<p><em>Concernant la production de ce document, le REFAD tient \u00e0 remercier l&rsquo;\u00e9quipe du CD\u00c9ACF et ses partenaires pour l\u2019excellent travail accompli.<\/em><\/p>\n\n\n\n<div style=\"height:20px\" aria-hidden=\"true\" class=\"wp-block-spacer\"><\/div>\n\n\n\n<hr class=\"wp-block-separator\"\/>\n\n\n\n<p style=\"color:#961616;font-size:30px\" class=\"has-text-color\"><strong>Cr\u00e9dits<\/strong><\/p>\n\n\n\n<hr class=\"wp-block-separator\"\/>\n\n\n\n<p><strong>Conception et r\u00e9daction\u00a0:<\/strong> Lise Chovino et Fran\u00e7ois Dallaire<\/p>\n\n\n\n<p><strong>Publi\u00e9 par :<\/strong><\/p>\n\n\n\n<div class=\"wp-block-media-text alignwide\" style=\"grid-template-columns:31% auto\"><figure class=\"wp-block-media-text__media\"><img loading=\"lazy\" decoding=\"async\" width=\"286\" height=\"226\" src=\"https:\/\/refad.cdeacf.ca\/wp-content\/uploads\/2019\/01\/logo-REFAD.png\" alt=\"Logo du REFAD - R\u00e9seau d'enseignement francophone \u00e0 distance\" class=\"wp-image-415\"\/><\/figure><div class=\"wp-block-media-text__content\">\n<p><strong>Le R\u00e9seau d\u2019enseignement francophone \u00e0 distance du Canada (REFAD)<\/strong><br>C.P. 47542 Comptoir postal Plateau Mont-Royal <br>Montr\u00e9al, Qc, H2H 2S8 <br>T\u00e9l\u00e9phone : (514) 284-9109 <br>Courriel : refad@sympatico.ca Site Web : <a href=\"http:\/\/www.refad.ca\" target=\"_blank\" rel=\"noreferrer noopener\" aria-label=\" (opens in a new tab)\">http:\/\/www.refad.ca<\/a><\/p>\n<\/div><\/div>\n\n\n\n<div class=\"wp-block-media-text alignwide\" style=\"grid-template-columns:31% auto\"><figure class=\"wp-block-media-text__media\"><img loading=\"lazy\" decoding=\"async\" width=\"800\" height=\"416\" src=\"https:\/\/refad.cdeacf.ca\/wp-content\/uploads\/2019\/01\/CDEACF_logo-1013-RGB-WEB.jpg\" alt=\"\" class=\"wp-image-416\"\/><\/figure><div class=\"wp-block-media-text__content\">\n<p><strong>Centre de documentation sur l\u2019\u00e9ducation des adultes et la condition f\u00e9minine (CD\u00c9ACF)<\/strong><br>469 Rue Jean-Talon Ouest, bureau 229<br>Montreal, QC, H3N 1R4<br>T\u00e9l\u00e9phone : (514) 876-1180 ou sans frais (Canada seulement) 1-866-972-1180 <br>Courriel : info@cdeacf.ca <br>Site Web : <a href=\"http:\/\/www.cdeacf.ca\" target=\"_blank\" rel=\"noreferrer noopener\" aria-label=\" (opens in a new tab)\">http:\/\/www.cdeacf.ca<\/a><\/p>\n<\/div><\/div>\n\n\n\n<div class=\"wp-block-media-text alignwide\" style=\"grid-template-columns:31% auto\"><figure class=\"wp-block-media-text__media\"><img loading=\"lazy\" decoding=\"async\" width=\"470\" height=\"112\" src=\"https:\/\/refad.cdeacf.ca\/wp-content\/uploads\/2019\/03\/wordmark_C.png.png\" alt=\"Logo du gouvernement du Canada\" class=\"wp-image-1758\"\/><\/figure><div class=\"wp-block-media-text__content\">\n<p><strong>Avec la participation financi\u00e8re du Minist\u00e8re du Patrimoine canadien (<a href=\"http:\/\/www.pch.gc.ca\" target=\"_blank\" rel=\"noreferrer noopener\">www.pch.gc.ca<\/a>)\ufeff<\/strong><\/p>\n<\/div><\/div>\n\n\n\n<div style=\"height:40px\" aria-hidden=\"true\" class=\"wp-block-spacer\"><\/div>\n\n\n\n<p>Montr\u00e9al, mars 2019<\/p>\n\n\n\n<div style=\"height:20px\" aria-hidden=\"true\" class=\"wp-block-spacer\"><\/div>\n\n\n\n<p class=\"has-background has-very-light-gray-background-color\">La reproduction du pr\u00e9sent document, en tout ou en partie, est autoris\u00e9e \u00e0 la condition d\u2019en mentionner la source et de ne pas l\u2019utiliser \u00e0 des fins commerciales.<\/p>\n","protected":false},"excerpt":{"rendered":"<p>Document pr\u00e9par\u00e9 pour le R\u00e9seau d\u2019enseignement francophone \u00e0 distance du Canada\u00a0(REFAD &#8211; www.refad.ca) par Lise Chovino et Fran\u00e7ois Dallairedu Centre de documentation sur l&rsquo;\u00e9ducation des adultes et la condition f\u00e9minine\u00a0(CD\u00c9ACF &#8211; www.cdeacf.ca). Concernant la production de ce document, le REFAD tient \u00e0 remercier l&rsquo;\u00e9quipe du CD\u00c9ACF et ses partenaires pour l\u2019excellent travail accompli. Cr\u00e9dits Conception [&hellip;]<\/p>\n","protected":false},"author":1,"featured_media":0,"comment_status":"closed","ping_status":"closed","sticky":false,"template":"","format":"standard","meta":{"footnotes":""},"categories":[1],"tags":[],"_links":{"self":[{"href":"https:\/\/refad.cdeacf.ca\/index.php?rest_route=\/wp\/v2\/posts\/701"}],"collection":[{"href":"https:\/\/refad.cdeacf.ca\/index.php?rest_route=\/wp\/v2\/posts"}],"about":[{"href":"https:\/\/refad.cdeacf.ca\/index.php?rest_route=\/wp\/v2\/types\/post"}],"author":[{"embeddable":true,"href":"https:\/\/refad.cdeacf.ca\/index.php?rest_route=\/wp\/v2\/users\/1"}],"replies":[{"embeddable":true,"href":"https:\/\/refad.cdeacf.ca\/index.php?rest_route=%2Fwp%2Fv2%2Fcomments&post=701"}],"version-history":[{"count":18,"href":"https:\/\/refad.cdeacf.ca\/index.php?rest_route=\/wp\/v2\/posts\/701\/revisions"}],"predecessor-version":[{"id":1772,"href":"https:\/\/refad.cdeacf.ca\/index.php?rest_route=\/wp\/v2\/posts\/701\/revisions\/1772"}],"wp:attachment":[{"href":"https:\/\/refad.cdeacf.ca\/index.php?rest_route=%2Fwp%2Fv2%2Fmedia&parent=701"}],"wp:term":[{"taxonomy":"category","embeddable":true,"href":"https:\/\/refad.cdeacf.ca\/index.php?rest_route=%2Fwp%2Fv2%2Fcategories&post=701"},{"taxonomy":"post_tag","embeddable":true,"href":"https:\/\/refad.cdeacf.ca\/index.php?rest_route=%2Fwp%2Fv2%2Ftags&post=701"}],"curies":[{"name":"wp","href":"https:\/\/api.w.org\/{rel}","templated":true}]}}